{"id":638,"date":"2017-04-05T21:01:42","date_gmt":"2017-04-05T21:01:42","guid":{"rendered":"http:\/\/psicologiapares.com\/?p=638"},"modified":"2017-04-05T21:01:42","modified_gmt":"2017-04-05T21:01:42","slug":"relats-per-entendre-els-trastorns-mentals","status":"publish","type":"post","link":"https:\/\/psicologiapares.com\/index.php\/2017\/04\/05\/relats-per-entendre-els-trastorns-mentals\/","title":{"rendered":"Relats Per entendre els Trastorns mentals"},"content":{"rendered":"<p>Anava caminant cap a la feina i pensava per mi mateixa, que podia fer amb tot all\u00f2 que sabia, tot all\u00f2 que durant uns quants anys de grau havia adquirit, tot all\u00f2 que he vist en les persones?, d&#8217;aqu\u00ed va sorgir la necessitat d&#8217;escriure, escriure per explicar que opino, que penso i no nom\u00e9s aix\u00f2 sin\u00f3 tamb\u00e9 per explicar all\u00f2 que s\u00e9.<\/p>\n<p>El primer relat va sorgir despr\u00e9s d&#8217;un curs de comunicaci\u00f3 amb nens amb trastorn de l&#8217;espectre autista, vaig recordar una experi\u00e8ncia amb una nena amb autisme i com hav\u00edem connectat a trav\u00e9s del meu fill mentre el duia agafat al pit amb el mocador i la nena amb autisme el buscava el mirava i llavors pod\u00edem parlar, podia dir-li coses i preguntar-li algunes altres, no vol dir que les contest\u00e9s totes per\u00f2 vam connectar, incl\u00fas quan la veia sense el nen, tamb\u00e9 m&#8217;escoltava i em responia. Un punt de connexi\u00f3 va fer que ella i jo pogu\u00e9ssim veure&#8217;ns i entendre&#8217;ns. Amb totes aquestes reflexions va sorgir EL Manel i el cotxe vermell. I un cop el vaig acabar, vaig pensar, la gent l&#8217;ha de llegir.<\/p>\n<p>A partir d&#8217;aquell vaig escriure un darrere l&#8217;altre els relats per entendre els trastorns mentals. N&#8217;hi ha set en concret i a cada un, una persona que s&#8217;ha creuat per la meva vida, m&#8217;ha enc\u00e8s la inquietud i l&#8217;espurna perqu\u00e8 l&#8217;escrigui. He vist moltes injust\u00edcies que tenen el seu origen en el desconeixement que la gent t\u00e9 d&#8217;aquests trastorns. I ja n&#8217;hi ha prou.<br \/>\nTothom mereix que l&#8217;entenguin, i per aix\u00f2 us convido a passar per set hist\u00f2ries que ens parlen de set trastorns molt comuns, com s\u00f3n l&#8217;Autisme, l&#8217;esquizofr\u00e8nia, la depressi\u00f3, el trastorn bipolar, l&#8217;anor\u00e8xia, l&#8217;ansietat, i el trastorn obsessiu compulsiu.<\/p>\n<p>El 17 d&#8217;Abril comencem el Verkami. No t&#8217;ho perdis.<\/p>\n<p>Mira quin vieo mes xulo he fet per explicarte&#8217;l! No te&#8217;l perdis i que se&#8217;l perdi ning\u00fa!<\/p>\n<p><iframe src=\"https:\/\/player.vimeo.com\/video\/201569211\" width=\"525\" height=\"295\" frameborder=\"0\" title=\"Relats per entendre, els trastorns mentals\" webkitallowfullscreen mozallowfullscreen allowfullscreen><\/iframe><\/p>\n","protected":false},"excerpt":{"rendered":"<p>Anava caminant cap a la feina i pensava per mi mateixa, que podia fer amb tot all\u00f2 que sabia, tot all\u00f2 que durant uns quants anys de grau havia adquirit, tot all\u00f2 que he vist en les persones?, d&#8217;aqu\u00ed va sorgir la necessitat d&#8217;escriure, escriure per explicar que opino, que penso i no nom\u00e9s aix\u00f2 &hellip; <\/p>\n<p class=\"link-more\"><a href=\"https:\/\/psicologiapares.com\/index.php\/2017\/04\/05\/relats-per-entendre-els-trastorns-mentals\/\" class=\"more-link\">Continua llegint <span class=\"screen-reader-text\">\u00abRelats Per entendre els Trastorns mentals\u00bb<\/span><\/a><\/p>\n","protected":false},"author":1,"featured_media":631,"comment_status":"open","ping_status":"open","sticky":false,"template":"","format":"standard","meta":[],"categories":[11,18],"tags":[49,77,126,129,176,192,193,194,195,201],"_links":{"self":[{"href":"https:\/\/psicologiapares.com\/index.php\/wp-json\/wp\/v2\/posts\/638"}],"collection":[{"href":"https:\/\/psicologiapares.com\/index.php\/wp-json\/wp\/v2\/posts"}],"about":[{"href":"https:\/\/psicologiapares.com\/index.php\/wp-json\/wp\/v2\/types\/post"}],"author":[{"embeddable":true,"href":"https:\/\/psicologiapares.com\/index.php\/wp-json\/wp\/v2\/users\/1"}],"replies":[{"embeddable":true,"href":"https:\/\/psicologiapares.com\/index.php\/wp-json\/wp\/v2\/comments?post=638"}],"version-history":[{"count":0,"href":"https:\/\/psicologiapares.com\/index.php\/wp-json\/wp\/v2\/posts\/638\/revisions"}],"wp:featuredmedia":[{"embeddable":true,"href":"https:\/\/psicologiapares.com\/index.php\/wp-json\/wp\/v2\/media\/631"}],"wp:attachment":[{"href":"https:\/\/psicologiapares.com\/index.php\/wp-json\/wp\/v2\/media?parent=638"}],"wp:term":[{"taxonomy":"category","embeddable":true,"href":"https:\/\/psicologiapares.com\/index.php\/wp-json\/wp\/v2\/categories?post=638"},{"taxonomy":"post_tag","embeddable":true,"href":"https:\/\/psicologiapares.com\/index.php\/wp-json\/wp\/v2\/tags?post=638"}],"curies":[{"name":"wp","href":"https:\/\/api.w.org\/{rel}","templated":true}]}}