{"id":466,"date":"2014-09-01T09:51:41","date_gmt":"2014-09-01T08:51:41","guid":{"rendered":"http:\/\/www.porfinlunes.com\/?p=466"},"modified":"2014-09-01T09:51:41","modified_gmt":"2014-09-01T08:51:41","slug":"el-peor-lunes-del-ano","status":"publish","type":"post","link":"https:\/\/psicologiapares.com\/index.php\/2014\/09\/01\/el-peor-lunes-del-ano\/","title":{"rendered":"\u00bfEl peor Lunes del a\u00f1o?"},"content":{"rendered":"<figure id=\"attachment_467\" aria-describedby=\"caption-attachment-467\" style=\"width: 300px\" class=\"wp-caption aligncenter\"><a href=\"http:\/\/psicologiapares.com\/wp-content\/uploads\/2014\/09\/ones-a-la-mar.jpg\"><img loading=\"lazy\" class=\"size-medium wp-image-467\" alt=\"Onades-Mireia Par\u00e9s\" src=\"http:\/\/psicologiapares.com\/wp-content\/uploads\/2014\/09\/ones-a-la-mar.jpg?w=300&#038;h=199\" width=\"300\" height=\"199\" \/><\/a><figcaption id=\"caption-attachment-467\" class=\"wp-caption-text\">Onades-Mireia Par\u00e9s<\/figcaption><\/figure>\n<p>&nbsp;<\/p>\n<p>Quiz\u00e1s este sea el peor lunes del a\u00f1o, ya que para mucha gente implica volver a trabajar, el primer lunes despu\u00e9s de las vacaciones ye este a\u00f1o cae en d\u00eda 1 de setiembre, lo cu\u00e1l hace que parezca un lunes fat\u00eddico!<\/p>\n<p>\u00bfCu\u00e1ntos sois los que esta ma\u00f1ana al levantaros os dol\u00eda todo? alguno se ha pasado alg\u00fan rato largo frente al espejo viendo si tenia mala cara para poder poner cualquier excusa para no ir a trabajar, pero lo siento, no ha sido posible, descansados y morenos, esa es la cara que hab\u00e9is encontrado en el espejo, ni rastro de enfermedad, ni rastro de cansancio, solo algo de sue\u00f1o por el madrug\u00f3n, y poco mas.<\/p>\n<p>Como ya sab\u00e9is aqu\u00ed le damos la vuelta a la tortilla, este primer d\u00eda de vuelta de vacaciones si hab\u00e9is tenido la suerte que vuestra empresa cerraba y volv\u00e9is todos de golpe, hasta el jefe tomara 3 o 4 caf\u00e9s, con sus correspondientes medias horas de descanso. Probablemente lo \u00fanico que har\u00e9is hoy es responder correos electr\u00f3nicos, asistir a alguna reuni\u00f3n de equipo, y hablar con todo el mundo! Incluso con aquel con el que hubo mal rollo antes de irse de vacaciones y es que aun que seas de esos que descansas mas en el curro que en casa, el simple hecho de abandonar la rutina, de cambiarla y de desconectar ya te cambia el humor.<\/p>\n<p>Algunos trucos para empezar bien la vuelta de vacaciones:<\/p>\n<ol>\n<li>No taches los d\u00edas que quedan hasta el viernes, vive cada d\u00eda con todo lo que tenga para darte<\/li>\n<li>No cuentes los d\u00edas hasta el pr\u00f3ximo puente o las pr\u00f3ximas vacaciones, eso genera sensaci\u00f3n impotencia.<\/li>\n<li>Respira hondo y recuerda la playa y el sonido de las olas si alguien pretende estresarte, que les den tu tienes tu ritmo<\/li>\n<li>D\u00e9jate tu tiempo para volver, todos necesitamos adaptarnos, incluso el superior que te esta tocando la moral, por lo tanto no te dejes estresar por nada ni por nadie<\/li>\n<li>Estas moreno\/a estas guapo\/a y todo porque no tienes tensi\u00f3n sobre los hombros o las arrugas. Tienes un aspecto genial v\u00edstelo de una gran sonrisa y comete el mundo<\/li>\n<li>No mires el reloj!!! fallo estar todo el rato esperando que llegue la hora de plegar te olvidas de las cosas que pasan a tu alrededor y valen la pena<\/li>\n<li>Manda un Whats App de animo a tus amigos, pareja, hermanos o familia para apoyaros en un d\u00eda as\u00ed<\/li>\n<li>No te apures, respira hondo, en realidad tu cuerpo esta gritando \u00a1Por fin es Lunes!<\/li>\n<\/ol>\n<p>&nbsp;<\/p>\n<p>Bienvenidos de nuevo!<\/p>\n","protected":false},"excerpt":{"rendered":"<p>&nbsp; Quiz\u00e1s este sea el peor lunes del a\u00f1o, ya que para mucha gente implica volver a trabajar, el primer lunes despu\u00e9s de las vacaciones ye este a\u00f1o cae en d\u00eda 1 de setiembre, lo cu\u00e1l hace que parezca un lunes fat\u00eddico! \u00bfCu\u00e1ntos sois los que esta ma\u00f1ana al levantaros os dol\u00eda todo? alguno se &hellip; <\/p>\n<p class=\"link-more\"><a href=\"https:\/\/psicologiapares.com\/index.php\/2014\/09\/01\/el-peor-lunes-del-ano\/\" class=\"more-link\">Continua llegint <span class=\"screen-reader-text\">\u00ab\u00bfEl peor Lunes del a\u00f1o?\u00bb<\/span><\/a><\/p>\n","protected":false},"author":1,"featured_media":467,"comment_status":"open","ping_status":"open","sticky":false,"template":"","format":"standard","meta":[],"categories":[15,17],"tags":[206,248,302,314,318,326],"_links":{"self":[{"href":"https:\/\/psicologiapares.com\/index.php\/wp-json\/wp\/v2\/posts\/466"}],"collection":[{"href":"https:\/\/psicologiapares.com\/index.php\/wp-json\/wp\/v2\/posts"}],"about":[{"href":"https:\/\/psicologiapares.com\/index.php\/wp-json\/wp\/v2\/types\/post"}],"author":[{"embeddable":true,"href":"https:\/\/psicologiapares.com\/index.php\/wp-json\/wp\/v2\/users\/1"}],"replies":[{"embeddable":true,"href":"https:\/\/psicologiapares.com\/index.php\/wp-json\/wp\/v2\/comments?post=466"}],"version-history":[{"count":0,"href":"https:\/\/psicologiapares.com\/index.php\/wp-json\/wp\/v2\/posts\/466\/revisions"}],"wp:featuredmedia":[{"embeddable":true,"href":"https:\/\/psicologiapares.com\/index.php\/wp-json\/wp\/v2\/media\/467"}],"wp:attachment":[{"href":"https:\/\/psicologiapares.com\/index.php\/wp-json\/wp\/v2\/media?parent=466"}],"wp:term":[{"taxonomy":"category","embeddable":true,"href":"https:\/\/psicologiapares.com\/index.php\/wp-json\/wp\/v2\/categories?post=466"},{"taxonomy":"post_tag","embeddable":true,"href":"https:\/\/psicologiapares.com\/index.php\/wp-json\/wp\/v2\/tags?post=466"}],"curies":[{"name":"wp","href":"https:\/\/api.w.org\/{rel}","templated":true}]}}