{"id":80,"date":"2013-10-19T10:47:24","date_gmt":"2013-10-19T10:47:24","guid":{"rendered":"http:\/\/www.porfinlunes.com\/?p=80"},"modified":"2013-10-19T10:47:24","modified_gmt":"2013-10-19T10:47:24","slug":"dia-mundial-del-cancer-de-mama","status":"publish","type":"post","link":"http:\/\/psicologiapares.com\/index.php\/2013\/10\/19\/dia-mundial-del-cancer-de-mama\/","title":{"rendered":"D\u00eda Mundial del c\u00e1ncer de mama"},"content":{"rendered":"<figure id=\"attachment_81\" aria-describedby=\"caption-attachment-81\" style=\"width: 492px\" class=\"wp-caption aligncenter\"><a href=\"http:\/\/psicologiapares.com\/wp-content\/uploads\/2013\/10\/1377420_370796999718744_898686861_n.jpg\"><img loading=\"lazy\" class=\"size-full wp-image-81\" alt=\"Soul Search photography\" src=\"http:\/\/psicologiapares.com\/wp-content\/uploads\/2013\/10\/1377420_370796999718744_898686861_n.jpg\" width=\"492\" height=\"350\" \/><\/a><figcaption id=\"caption-attachment-81\" class=\"wp-caption-text\">Soul Search photography<\/figcaption><\/figure>\n<p>Que miedo nos da a las mujeres el c\u00e1ncer de mama, es un c\u00e1ncer del que se sale, pero se puede salir estigmatizada y con la moral muy tocada. Quedarse sin uno o dos pecho puede constituir un traspi\u00e9s en a la identidad como mujer.<\/p>\n<p>Y dir\u00e9is \u00bfque tiene que ver este post con el trabajo? bueno hoy quiero hacer un peque\u00f1o <strong>homenaje a las mujeres<\/strong>, que les cuesta mas encontrar trabajo. Se ha demostrado que una mujer es tan o mas eficiente que un hombre, en este sentido excepto por la fuerza bruta que es una cuesti\u00f3n gen\u00e9tica, no deber\u00eda haber ya barreras en el mundo laboral. Hoy en d\u00eda vemos que los hombres son acogidos, des de hace muy poco tiempo, en oficios t\u00edpicos de mujeres, maestros de primaria , enfermeros, y las mujeres son ingenieras, arquitectas y abogadas (como la Juez Alaya) pero curiosamente ellas cobran menos.<\/p>\n<p>Ademas tenemos, lo que los empresarios consideran impedimentos, por ejemplo no son pocas las empresas que despiden a sus empleadas al quedar embarazadas, o sufrir enfermedades o malestares t\u00edpicos de mujeres, como migra\u00f1as, dolores menstruales, problemas de circulaci\u00f3n,&#8230;por eso son muchas las mujeres que van a trabajar en bajas condiciones de salud, van a trabajar con migra\u00f1a, o embarazadas aun que su medico les haya pedido reposo, tenemos un problema en general (y no en particular) como mujeres, y es que tenemos una fuerte sensaci\u00f3n de deber, no queremos ser una carga para nadie no queremos defraudar y estamos constantemente pendientes de demostrar que valemos tanto como un hombre en la misma posici\u00f3n.<\/p>\n<p>Por eso si una mujer tiene c\u00e1ncer de mama, que es un proceso largo y dif\u00edcil hacia la curaci\u00f3n, (hoy en d\u00eda el c\u00e1ncer de mama se cura en casi un 90% de los casos) en ese tiempo primero hay que asumir el estigma de tener un c\u00e1ncer, palabra que a todos nos acojona, luego empezar una lucha que dif\u00edcilmente sera compatible con la vida laboral.<\/p>\n<p>Aun as\u00ed <strong>despu\u00e9s de superar un c\u00e1ncer<\/strong> la gente suele sentirse con fuerzas, con energ\u00edas y en alg\u00fan punto del letargo de la enfermedad encuentran aquello que quieren hacer, su trabajo so\u00f1ado o su granito de arena, por suerte tenemos las asociaciones contra el c\u00e1ncer llenitas de gente que <strong>voluntariamente<\/strong> presta su experiencia \u00a0las personas que se les diagnostica la enfermedad. Tenemos personas que se asocian con otras para <strong>ayudar a los dem\u00e1s<\/strong>. As\u00ed pues a nivel laboral una persona despu\u00e9s de superar un c\u00e1ncer, y concreta mente una mujer despu\u00e9s de un c\u00e1ncer de mama, ser\u00e1n <strong>personas que ayudaran con su trabajo a hacer un futuro mejor para todas.<\/strong> Y eso para mi merece una <strong>admiraci\u00f3n real por ellas<\/strong>.<\/p>\n<p>A los empresarios que las despiden les dir\u00eda que son unos bobos, no se dan cuenta que despu\u00e9s de superado un c\u00e1ncer de mama, una mujer es <strong>doblemente fuerte, doblemente inteligente, y doblemente productiva<\/strong> si se la trata como a los dem\u00e1s.<\/p>\n<p><span style=\"color:#444444;line-height:1.7;\">A los empresarios les dir\u00eda que<\/span><strong style=\"line-height:1.7;\"> las mujeres son mas responsables<\/strong><span style=\"color:#444444;line-height:1.7;\"> por estad\u00edstica y <\/span><strong style=\"line-height:1.7;\">merecen cobrar y estar en una posici\u00f3n igual que la de los hombres<\/strong><span style=\"color:#444444;line-height:1.7;\">. Todas las bajas que necesite una mujer para descansar las igualara un hombre en resfriados, y al final si hacemos un computo anual, no sale menos a cuenta contratar a uno que a otro.<\/span><\/p>\n<p>Somos iguales fuerza laborales, y da igual los pechos que nos queden, porque la fuerza de una mujer esta dentro de si misma, y lo demuestra mientras se enfrenta, y supera un c\u00e1ncer de mama. Para todas aquellas que hay\u00e1is tenido que veros en semejante situaci\u00f3n. Animo, adelante.<\/p>\n<p><strong>No hay nada que demostrar, simplemente hay que vivir!<\/strong><\/p>\n","protected":false},"excerpt":{"rendered":"<p>Que miedo nos da a las mujeres el c\u00e1ncer de mama, es un c\u00e1ncer del que se sale, pero se puede salir estigmatizada y con la moral muy tocada. Quedarse sin uno o dos pecho puede constituir un traspi\u00e9s en a la identidad como mujer. Y dir\u00e9is \u00bfque tiene que ver este post con el &hellip; <\/p>\n<p class=\"link-more\"><a href=\"http:\/\/psicologiapares.com\/index.php\/2013\/10\/19\/dia-mundial-del-cancer-de-mama\/\" class=\"more-link\">Continua llegint <span class=\"screen-reader-text\">\u00abD\u00eda Mundial del c\u00e1ncer de mama\u00bb<\/span><\/a><\/p>\n","protected":false},"author":1,"featured_media":0,"comment_status":"open","ping_status":"open","sticky":false,"template":"","format":"standard","meta":[],"categories":[15,17,18],"tags":[67,118,131,156,164,185,207,213,219,228,288,302,323],"_links":{"self":[{"href":"http:\/\/psicologiapares.com\/index.php\/wp-json\/wp\/v2\/posts\/80"}],"collection":[{"href":"http:\/\/psicologiapares.com\/index.php\/wp-json\/wp\/v2\/posts"}],"about":[{"href":"http:\/\/psicologiapares.com\/index.php\/wp-json\/wp\/v2\/types\/post"}],"author":[{"embeddable":true,"href":"http:\/\/psicologiapares.com\/index.php\/wp-json\/wp\/v2\/users\/1"}],"replies":[{"embeddable":true,"href":"http:\/\/psicologiapares.com\/index.php\/wp-json\/wp\/v2\/comments?post=80"}],"version-history":[{"count":0,"href":"http:\/\/psicologiapares.com\/index.php\/wp-json\/wp\/v2\/posts\/80\/revisions"}],"wp:attachment":[{"href":"http:\/\/psicologiapares.com\/index.php\/wp-json\/wp\/v2\/media?parent=80"}],"wp:term":[{"taxonomy":"category","embeddable":true,"href":"http:\/\/psicologiapares.com\/index.php\/wp-json\/wp\/v2\/categories?post=80"},{"taxonomy":"post_tag","embeddable":true,"href":"http:\/\/psicologiapares.com\/index.php\/wp-json\/wp\/v2\/tags?post=80"}],"curies":[{"name":"wp","href":"https:\/\/api.w.org\/{rel}","templated":true}]}}